{"id":106,"date":"2023-12-16T09:41:03","date_gmt":"2023-12-16T09:41:03","guid":{"rendered":"http:\/\/die-erle.eu\/?p=106"},"modified":"2023-12-16T09:41:03","modified_gmt":"2023-12-16T09:41:03","slug":"eu-aktuell-die-eu-in-deutschland","status":"publish","type":"post","link":"http:\/\/die-erle.eu\/?p=106","title":{"rendered":"EU-AKTUELL &#8211; DIE EU IN DEUTSCHLAND"},"content":{"rendered":"\n<p><\/p>\n\n\n\n<figure class=\"wp-block-table\"><table><tbody><tr><td><\/td><\/tr><tr><td><a><\/a><\/td><\/tr><tr><td>Nachrichten<\/td><\/tr><tr><td>Beitrittsverhandlungen mit Ukraine und Moldau: strategischer Gipfelbeschluss Die Pr\u00e4sidentin der Europ\u00e4ischen Kommission <strong>Ursula von der Leyen<\/strong> hat die Entscheidungen der EU-Staats- und Regierungschefs mit Blick auf den Erweiterungsprozess der EU begr\u00fc\u00dft. Sie bezeichnete die Aufnahme von Beitrittsverhandlungen mit der Ukraine und der Republik Moldau und den Kandidaten-Status f\u00fcr Georgien als strategisch. <em>\u201eDieser Tag wird in die Geschichte unserer Union eingehen.\u201c<\/em> Hier finden Sie die <a href=\"https:\/\/www.consilium.europa.eu\/de\/press\/press-releases\/2023\/12\/14\/european-council-conclusions-on-ukraine-enlargement-and-reforms\/\">Schlussfolgerungen des Rates zu Ukraine, Erweiterung und Reformen<\/a>. Darin enthalten ist auch die Best\u00e4tigung f\u00fcr das inzwischen <strong>zw\u00f6lfte Sanktionspaket<\/strong> gegen Russland. &nbsp; <a href=\"https:\/\/ec.europa.eu\/newsroom\/representations\/redirection\/item\/812190\/de\/188\" target=\"_blank\" rel=\"noreferrer noopener\">mehr<\/a> &nbsp; Eurobarometer: Deutsche blicken positiv auf die EU Ein halbes Jahr von der Wahl des neuen Europ\u00e4ischen Parlaments zeigt die aktuelle Eurobarometer-Umfrage: F\u00fcr 68 Prozent der Deutschen ist die Europ\u00e4ische Union ein Ort der Stabilit\u00e4t in einer unruhigen Welt, 59 Prozent der Deutschen blicken optimistisch auf die Zukunft der EU, europaweit teilen 61 Prozent diese Ansicht. Der Vertreter der Europ\u00e4ischen Kommission in Deutschland <strong>Patrick Lobis<\/strong> sagte: <em>\u201eGut ein halbes Jahr vor den Wahlen zum Europ\u00e4ischen Parlament zeigt das Eurobarometer, wie wichtig den B\u00fcrgerinnen und B\u00fcrgern EU-Grundwerte wie Rechtsstaatlichkeit und Demokratie sind: Diese Grundwerte sollten in allen Mitgliedstaaten respektiert werden, meinen 94 Prozent der Deutschen und 90 Prozent der Europ\u00e4er. Frieden und Demokratie repr\u00e4sentieren f\u00fcr die Menschen in Deutschland die wichtigsten Werte der EU. 78 Prozent der Deutschen f\u00fchlen sich als B\u00fcrger der EU, und auch das Vertrauen der Menschen in Deutschland in die EU ist im Vergleich zur letzten Eurobarometer-Umfrage vom Fr\u00fchjahr um 5 Prozentpunkte gestiegen auf eine relative Mehrheit von 48 Prozent.\u201c<\/em> &nbsp; <a href=\"https:\/\/ec.europa.eu\/newsroom\/representations\/redirection\/item\/812189\/de\/188\" target=\"_blank\" rel=\"noreferrer noopener\">mehr<\/a> &nbsp; Mehr Schutz, h\u00f6here Qualit\u00e4t: politische Einigung auf neue Vorschriften f\u00fcr Substanzen menschlichen Ursprungs Die Menschen in der EU werden k\u00fcnftig besser gesch\u00fctzt, wenn sie Blut, Gewebe, Zellen, Muttermilch oder Mikrobiota spenden oder erhalten. Auf entsprechende neue Vorschriften f\u00fcr Substanzen menschlichen Ursprungs haben sich das Europ\u00e4ische Parlament und der Rat der EU-Staaten geeinigt. EU-Gesundheitskommissarin <strong>Stella Kyriakides<\/strong> begr\u00fc\u00dfte die Einigung: \u201e<em>Unser Gesundheitswesen ist bei einer Vielzahl von Eingriffen \u2013 von Bluttransfusionen und Knochenmarktransplantationen bis hin zur In-Vitro- Fertilisation, um nur einige zu nennen \u2013 in hohem Ma\u00dfe auf Substanzen menschlichen Ursprungs angewiesen. Die neuen Vorschriften werden nicht nur daf\u00fcr sorgen, dass diese Produkte hohen Sicherheits- und Qualit\u00e4tsstandards gen\u00fcgen, sondern auch die Gefahr von Engp\u00e4ssen abwenden und mehr Innovation in diesem Sektor f\u00f6rdern.\u201c<\/em> Die Kommission hatte ihren <a href=\"https:\/\/ec.europa.eu\/commission\/presscorner\/detail\/de\/ip_22_4403\">Vorschlag<\/a>&nbsp;zu den<strong> Substanzen menschlichen Ursprungs<\/strong> (substances of human origin \u2013 SoHO) im Juli 2022 vorgelegt.&nbsp; &nbsp; <a href=\"https:\/\/ec.europa.eu\/newsroom\/representations\/redirection\/item\/812188\/de\/188\" target=\"_blank\" rel=\"noreferrer noopener\">mehr<\/a> &nbsp; Weitere Nachrichten des Tages Weitere aktuelle Pressemeldungen und Dokumente finden Sie im Presseraum der EU-Kommission. &nbsp; <a href=\"https:\/\/ec.europa.eu\/newsroom\/representations\/redirection\/item\/632695\/DE\/188\" target=\"_blank\" rel=\"noreferrer noopener\">mehr<\/a> &nbsp; <img decoding=\"async\" src=\"https:\/\/ec.europa.eu\/newsroom\/repository\/picture\/2022-41\/EU_flag_2_DMw1alPuTkj5CPMo4g3FCTSNss_106340-hp.jpg\" alt=\"\" width=\"225\"><\/td><\/tr><tr><td><a><\/a><\/td><\/tr><tr><td>Termine<\/td><\/tr><tr><td>Montag, 18. Dezember <strong>Nairobi und Kigali: Kommissionspr\u00e4sidentin von der Leyen reist nach Kenia und Ruanda<\/strong><br>Kommissionspr\u00e4sidentin Ursula von der Leyen trifft am Montagmorgen mit dem kenianischen Pr\u00e4sidenten William Ruto zusammen. Die beiden Pr\u00e4sidenten nehmen an der feierlichen Unterzeichnung des Wirtschaftspartnerschaftsabkommens zwischen der EU und Kenia teil. Im Anschluss geben sie eine Presseerkl\u00e4rung ab, die <a href=\"https:\/\/audiovisual.ec.europa.eu\/en\/ebs\/both\/20231218\">auf EbS \u00fcbertragen<\/a> wird (Uhrzeit tbc). Am Nachmittag reist Pr\u00e4sidentin von der Leyen nach Kigali, wo sie gemeinsam mit dem ruandischen Pr\u00e4sidenten Paul Kagame eine Rede bei der Er\u00f6ffnungsfeier von BioNtech Africa halten wird. An der Zeremonie nehmen auch die Pr\u00e4sidenten von Ghana und Senegal, die Premierministerin von Barbados, der Vorsitzende der Kommission der Afrikanischen Union, die deutsche Au\u00dfenministerin und weitere Vertreter, darunter der Europ\u00e4ischen Investitionsbank, teil. Anschlie\u00dfend werden Pr\u00e4sidentin von der Leyen und Pr\u00e4sident Kagame zu einem bilateralen Gespr\u00e4ch zusammenkommen, gefolgt von einem Pressestatement, das auch <a href=\"https:\/\/audiovisual.ec.europa.eu\/en\/ebs\/both\/20231218\">auf EbS \u00fcbertragen<\/a> wird (Uhrzeit tbc). Weitere Informationen <a href=\"https:\/\/ec.europa.eu\/commission\/presscorner\/detail\/en\/mex_23_6643\">hier<\/a>. <strong>Br\u00fcssel: Treffen des Rates f\u00fcr Umwelt<\/strong><br>Auf der <a href=\"https:\/\/data.consilium.europa.eu\/doc\/document\/CM-5611-2023-INIT\/de\/pdf\">vorl\u00e4ufigen Agenda<\/a> stehen Aussprachen \u00fcber den europ\u00e4ischen Green Deal, die Kreislaufwirtschaft, die Biodiversit\u00e4t und die Entwaldung. Es findet eine Aussprache zur Richtlinie zur Boden\u00fcberwachung und -resilienz sowie zur Verordnung \u00fcber einen \u00dcberwachungsrahmen f\u00fcr widerstandsf\u00e4hige europ\u00e4ische W\u00e4lder statt. Die Kommission stellt ihre Bewertung der nationalen Energie- und Klimapl\u00e4ne durch die Kommission vor. Im Anschluss findet gegen 17:30 Uhr eine Pressekonferenz mit EU-Umweltkommissar Virginijus Sinkevi\u010dius statt, <a href=\"https:\/\/audiovisual.ec.europa.eu\/en\/ebs\/both\/20231218\">EbS \u00fcbertr\u00e4gt live<\/a>. Weitere Informationen&nbsp;<a href=\"https:\/\/www.consilium.europa.eu\/de\/meetings\/env\/2023\/12\/18\/\">hier<\/a>. Weitere Termine der Woche in der <a href=\"https:\/\/ec.europa.eu\/germany\/news\/terminvorschau_de\">EU-Terminvorschau<\/a>.<\/td><\/tr><\/tbody><\/table><\/figure>\n","protected":false},"excerpt":{"rendered":"<p>Nachrichten Beitrittsverhandlungen mit Ukraine und Moldau: strategischer Gipfelbeschluss Die Pr\u00e4sidentin der Europ\u00e4ischen Kommission Ursula von der Leyen hat die Entscheidungen der EU-Staats- und Regierungschefs mit Blick auf den Erweiterungsprozess der EU begr\u00fc\u00dft. Sie bezeichnete die Aufnahme von Beitrittsverhandlungen mit der Ukraine und der Republik Moldau und den Kandidaten-Status f\u00fcr Georgien als strategisch. \u201eDieser Tag wird [&hellip;]<\/p>\n","protected":false},"author":1,"featured_media":0,"comment_status":"closed","ping_status":"","sticky":false,"template":"","format":"standard","meta":{"footnotes":""},"categories":[40],"tags":[],"_links":{"self":[{"href":"http:\/\/die-erle.eu\/index.php?rest_route=\/wp\/v2\/posts\/106"}],"collection":[{"href":"http:\/\/die-erle.eu\/index.php?rest_route=\/wp\/v2\/posts"}],"about":[{"href":"http:\/\/die-erle.eu\/index.php?rest_route=\/wp\/v2\/types\/post"}],"author":[{"embeddable":true,"href":"http:\/\/die-erle.eu\/index.php?rest_route=\/wp\/v2\/users\/1"}],"replies":[{"embeddable":true,"href":"http:\/\/die-erle.eu\/index.php?rest_route=%2Fwp%2Fv2%2Fcomments&post=106"}],"version-history":[{"count":1,"href":"http:\/\/die-erle.eu\/index.php?rest_route=\/wp\/v2\/posts\/106\/revisions"}],"predecessor-version":[{"id":107,"href":"http:\/\/die-erle.eu\/index.php?rest_route=\/wp\/v2\/posts\/106\/revisions\/107"}],"wp:attachment":[{"href":"http:\/\/die-erle.eu\/index.php?rest_route=%2Fwp%2Fv2%2Fmedia&parent=106"}],"wp:term":[{"taxonomy":"category","embeddable":true,"href":"http:\/\/die-erle.eu\/index.php?rest_route=%2Fwp%2Fv2%2Fcategories&post=106"},{"taxonomy":"post_tag","embeddable":true,"href":"http:\/\/die-erle.eu\/index.php?rest_route=%2Fwp%2Fv2%2Ftags&post=106"}],"curies":[{"name":"wp","href":"https:\/\/api.w.org\/{rel}","templated":true}]}}