{"id":122,"date":"2024-01-10T18:19:48","date_gmt":"2024-01-10T18:19:48","guid":{"rendered":"http:\/\/die-erle.eu\/?p=122"},"modified":"2024-01-11T20:51:40","modified_gmt":"2024-01-11T20:51:40","slug":"eu-aktuell-8","status":"publish","type":"post","link":"http:\/\/die-erle.eu\/?p=122","title":{"rendered":"EU &#8211; aktuell"},"content":{"rendered":"\n<figure class=\"wp-block-table\"><table><tbody><tr><td>Junge Menschen bekommen mehr Mitspracherecht bei der Gestaltung der EU-Politik Junge Europ\u00e4erinnen und Europ\u00e4er sollen <strong>mehr Einfluss auf die EU-Politik<\/strong> bekommen. Die Kommission will mit <a href=\"https:\/\/youth.europa.eu\/year-of-youth\/legacy_de\">mehreren Aktionen<\/a> jungen Menschen <strong>mehr Mitspracherecht bei Entscheidungen<\/strong> geben und sie will die Jugenddimension in einer Reihe von EU-Politikbereichen vertiefen. Dabei baut sie auf Initiativen des Europ\u00e4ischen Jahres der Jugend 2022 auf. EU-Kommissionsvizepr\u00e4sident <strong>Margaritis Schinas<\/strong> forderte, dass die kommenden Europ\u00e4ischen Jahre wie bereits das Europ\u00e4ische Jahr der Jugend 2022 von jungen Menschen gestaltet werden. <em>\u201eDie jungen Europ\u00e4erinnen und Europ\u00e4er haben ihre ganz eigene Sichtweise und ein reges Interesse an politischen Entscheidungen. Es ist wichtig, dass sie ihre Stimme zu Geh\u00f6r bringen k\u00f6nnen \u2013 und das nicht zuletzt bei den bevorstehenden Europawahlen, die f\u00fcr die Zukunft Europas von entscheidender Bedeutung sind.\u201c<\/em> &nbsp; <a href=\"https:\/\/ec.europa.eu\/newsroom\/representations\/redirection\/item\/814017\/de\/188\" target=\"_blank\" rel=\"noreferrer noopener\">mehr<\/a> &nbsp; Mehr als 250 Millionen Euro f\u00fcr Ausbau von 5G und Verlegung neuer Unterseekabel Die EU stellt 252 Millionen Euro f\u00fcr den Aufbau einer 5G-Infrastruktur in den Gemeinden und entlang wichtiger europ\u00e4ischer Verkehrskorridore sowie die Verlegung neuer Unterseekabel bereit. Dazu hat die EU-Kommission Finanzhilfevereinbarungen mit 37 Projekten unterzeichnet. Diese wurden im Rahmen der zweiten Aufforderung zur Einreichung von Vorschl\u00e4gen f\u00fcr den digitalen Teil der Fazilit\u00e4t \u201eConnecting Europe&#8220; (CEF Digital) ausgew\u00e4hlt. Im Rahmen der gef\u00f6rderten Projekte wird die EU die Verlegung von Seekabeln kofinanzieren, um eine bessere <strong>Vernetzung zwischen Irland und dem EU-Festland<\/strong> sowie zwischen der EU und <strong>ihren Regionen in \u00e4u\u00dferster Randlage im Atlantik<\/strong> zu erm\u00f6glichen. &nbsp; <a href=\"https:\/\/ec.europa.eu\/newsroom\/representations\/redirection\/item\/814016\/de\/188\" target=\"_blank\" rel=\"noreferrer noopener\">mehr<\/a> &nbsp; Weitere Nachrichten des Tages Weitere aktuelle Pressemeldungen und Dokumente finden Sie im Presseraum der EU-Kommission. &nbsp; <a href=\"https:\/\/ec.europa.eu\/newsroom\/representations\/redirection\/item\/632695\/DE\/188\" target=\"_blank\" rel=\"noreferrer noopener\">mehr<\/a> &nbsp; <img decoding=\"async\" src=\"https:\/\/ec.europa.eu\/newsroom\/repository\/picture\/2022-41\/EU_flag_2_DMw1alPuTkj5CPMo4g3FCTSNss_106340-hp.jpg\" alt=\"\" width=\"225\"><\/td><\/tr><tr><td><a><\/a><\/td><\/tr><tr><td>Termine<\/td><\/tr><tr><td>Donnerstag, 11. Januar <strong>Ludwigshafen: Workshop zur Europawahl 2024<\/strong><br>Anl\u00e4sslich der Europawahl im Juni 2024 organisiert das Presse- und Informationsamt der Bundesregierung, die Vertretung der Europ\u00e4ischen Kommission und das Verbindungsb\u00fcro des Europ\u00e4ischen Parlaments in Deutschland in Kooperation mit der Rheinpfalz die Veranstaltung \u201eEuropa f\u00fcr Regionaljournalistinnen und -journalisten\u201c. Der Workshop bietet exklusive Einblicke, Fakten und Recherchetipps rund um die Europapolitik, insbesondere in den Bereichen gr\u00fcne Transformation (EU Green Deal) und Energiepolitik (RepowerEU). Europa-Expertinnen und -Experten aus der Europ\u00e4ischen Kommission, dem Europ\u00e4ischen Parlament, der Bundesregierung und der Landesregierung halten Vortr\u00e4ge mit Fakten, Hintergr\u00fcnden und konkreten Beispielen zur EU, der Europawahl und EU-Politik, Recherchetipps und Hintergrundwissen inklusive. U. a. h\u00e4lt Sandra Fiene, Pressesprecherin der Regionalvertretung der EU-Kommission in Bonn, einen Vortrag \u00fcber die EU-Basics um 9.30 Uhr. Es folgt ein Vortrag von Robert Gampfer, Vertretung der EU-Kommission in Berlin und Politischer Referent, zum Thema \u201eRepowerEU und EU Green Deal \u2013 wo stehen wir?\u201c um 10.15 Uhr. Die Veranstaltung findet von 9.15 bis 17 Uhr statt. Ort: Rheinpfalz Verlag, Amtsstra\u00dfe 5-11, Ludwigshafen. Anmeldung unter&nbsp;<a href=\"mailto:kyra.molinari@beta-web.de\">kyra.molinari@beta-web.de<\/a>. <strong>Namur: Informelle Ministertagung f\u00fcr Besch\u00e4ftigung und Soziales (bis 12. Januar)<br><\/strong>Am Donnerstag und Freitag nimmt EU-Sozialkommissar Nicolas Schmit am <a href=\"https:\/\/belgian-presidency.consilium.europa.eu\/en\/events\/informal-meeting-of-employment-and-social-affairs-ministers-10-121\/\">informellen Treffen der EU-Ministerinnen und Minister f\u00fcr Besch\u00e4ftigung und Soziales<\/a> teil. Am Donnerstag geht es um die Lehren aus der Umsetzung der <a href=\"https:\/\/ec.europa.eu\/social\/main.jsp?catId=1226&amp;langId=en\">Europ\u00e4ischen S\u00e4ule sozialer Rechte<\/a>, um den Kampf gegen den Fachkr\u00e4ftemangel, einen besseren Zugang zum Sozialschutz und hochwertigen Sozialdienstleistungen. Am Freitag stehen soziale Investitionen und die F\u00f6rderung von Arbeits- und Sozialrechten \u00fcber die EU-Grenzen hinaus auf der Tagesordnung, es diskutieren auch Vertretern der Ukraine und der Republik Moldau. Der <a href=\"https:\/\/op.europa.eu\/webpub\/empl\/european-pillar-of-social-rights\/en\/\">Aktionsplan zur Europ\u00e4ischen S\u00e4ule sozialer Rechte<\/a> skizziert konkrete Ma\u00dfnahmen zu ihrer Umsetzung und legt <a href=\"https:\/\/ec.europa.eu\/commission\/presscorner\/detail\/en\/ip_22_3782\">drei EU-Kernziele f\u00fcr Besch\u00e4ftigung, Qualifikationen und Armutsbek\u00e4mpfung<\/a> vor, die bis 2030 erreicht werden sollen. Kommissar Schmit wird an der von der belgischen EU-Ratspr\u00e4sidentschaft organisierten Pressekonferenz teilnehmen, die am Donnerstag gegen 17.15 Uhr live auf <a href=\"https:\/\/audiovisual.ec.europa.eu\/en\">EbS<\/a> live \u00fcbertragen wird. <strong>Luxemburg: EuGH-Urteil zum Energieverbrauch von beutellosen Staubsaugern<\/strong><br>Auf die Klage von Dyson hin erkl\u00e4rte das Gericht der EU mit Urteil vom 8. November 2018 eine Verordnung der Kommission von 2013 f\u00fcr nichtig, mit der die Modalit\u00e4ten f\u00fcr die Energieverbrauchskennzeichnung von Staubsaugern festgelegt wurden. Das Gericht stellte fest, dass die Testmethode mit leerem Beh\u00e4lter nicht die Bedingungen widerspiegelt, die realistischen Gebrauchsbedingungen so nahe wie m\u00f6glich kommen. Dyson verklagte die Kommission daraufhin auf Schadensersatz in H\u00f6he von \u00fcber 176 Mio. Euro, jedoch ohne Erfolg: Mit Urteil vom 8. Dezember 2021 wies das Gericht die Klage ab. Nach Ansicht des Gerichts hat die Kommission durch die Wahl der standardisierten Testmethode mit leerem Beh\u00e4lter weder die Grenzen ihres Ermessens offenkundig und erheblich \u00fcberschritten noch die Grunds\u00e4tze der Gleichbehandlung und der guten Verwaltung hinreichend qualifiziert verletzt. Dyson hat ein Rechtsmittel gegen dieses Urteil des Gerichts beim Gerichtshof eingelegt. Zu diesem Urteil wird es eine Pressemitteilung sowie&nbsp;<a href=\"https:\/\/audiovisual.ec.europa.eu\/en\/ebs\/both\/20240111\">Filmaufnahmen von EbS<\/a>&nbsp;geben. Ansprechpartner f\u00fcr die Presse beim EuGH&nbsp;<a href=\"https:\/\/curia.europa.eu\/jcms\/jcms\/Jo2_25870\/\">hier<\/a>. Weitere Informationen&nbsp;<a href=\"http:\/\/curia.europa.eu\/juris\/liste.jsf?num=C-122\/22\">hier<\/a>. <strong>Weitere Termine<\/strong> in der <a href=\"https:\/\/ec.europa.eu\/germany\/news\/terminvorschau_de\">EU-Terminvorschau<\/a>.<\/td><\/tr><\/tbody><\/table><\/figure>\n","protected":false},"excerpt":{"rendered":"<p>Junge Menschen bekommen mehr Mitspracherecht bei der Gestaltung der EU-Politik Junge Europ\u00e4erinnen und Europ\u00e4er sollen mehr Einfluss auf die EU-Politik bekommen. Die Kommission will mit mehreren Aktionen jungen Menschen mehr Mitspracherecht bei Entscheidungen geben und sie will die Jugenddimension in einer Reihe von EU-Politikbereichen vertiefen. Dabei baut sie auf Initiativen des Europ\u00e4ischen Jahres der Jugend [&hellip;]<\/p>\n","protected":false},"author":1,"featured_media":0,"comment_status":"closed","ping_status":"","sticky":false,"template":"","format":"standard","meta":{"footnotes":""},"categories":[40],"tags":[],"_links":{"self":[{"href":"http:\/\/die-erle.eu\/index.php?rest_route=\/wp\/v2\/posts\/122"}],"collection":[{"href":"http:\/\/die-erle.eu\/index.php?rest_route=\/wp\/v2\/posts"}],"about":[{"href":"http:\/\/die-erle.eu\/index.php?rest_route=\/wp\/v2\/types\/post"}],"author":[{"embeddable":true,"href":"http:\/\/die-erle.eu\/index.php?rest_route=\/wp\/v2\/users\/1"}],"replies":[{"embeddable":true,"href":"http:\/\/die-erle.eu\/index.php?rest_route=%2Fwp%2Fv2%2Fcomments&post=122"}],"version-history":[{"count":1,"href":"http:\/\/die-erle.eu\/index.php?rest_route=\/wp\/v2\/posts\/122\/revisions"}],"predecessor-version":[{"id":123,"href":"http:\/\/die-erle.eu\/index.php?rest_route=\/wp\/v2\/posts\/122\/revisions\/123"}],"wp:attachment":[{"href":"http:\/\/die-erle.eu\/index.php?rest_route=%2Fwp%2Fv2%2Fmedia&parent=122"}],"wp:term":[{"taxonomy":"category","embeddable":true,"href":"http:\/\/die-erle.eu\/index.php?rest_route=%2Fwp%2Fv2%2Fcategories&post=122"},{"taxonomy":"post_tag","embeddable":true,"href":"http:\/\/die-erle.eu\/index.php?rest_route=%2Fwp%2Fv2%2Ftags&post=122"}],"curies":[{"name":"wp","href":"https:\/\/api.w.org\/{rel}","templated":true}]}}